{"id":625,"date":"2026-07-31T10:41:54","date_gmt":"2026-07-31T10:41:54","guid":{"rendered":"https:\/\/ciuem.incubadora.uem.mz\/?p=625"},"modified":"2026-07-31T10:41:55","modified_gmt":"2026-07-31T10:41:55","slug":"magnifico-reitor-visita-ciuem-e-acompanha-progresso-da-construcao-do-novo-datacenter-da-uem","status":"publish","type":"post","link":"https:\/\/ciuem.incubadora.uem.mz\/?p=625","title":{"rendered":"MAGN\u00cdFICO REITOR VISITA CIUEM E ACOMPANHA PROGRESSO DA CONSTRU\u00c7\u00c3O DO NOVO DATACENTER DA UEM"},"content":{"rendered":"\n<p class=\"has-black-color has-text-color has-link-color wp-elements-1 wp-block-paragraph\">O Magn\u00edfico Reitor da Universidade Eduardo Mondlane (UEM), Prof. Doutor Manuel Guilherme J\u00fanior, efectuou, na manh\u00e3 desta ter\u00e7a-feira (30), uma visita de trabalho ao Centro de Inform\u00e1tica da UEM (CIUEM) para acompanhar o n\u00edvel de execu\u00e7\u00e3o das obras de estabelecimento do novo Datacenter da Universidade. A infraestrutura estrat\u00e9gica ir\u00e1 refor\u00e7ar significativamente a capacidade tecnol\u00f3gica da institui\u00e7\u00e3o e a qualidade dos servi\u00e7os digitais prestados \u00e0 comunidade universit\u00e1ria e \u00e0 sociedade mo\u00e7ambicana em geral.<\/p>\n\n\n\n<p class=\"has-black-color has-text-color has-link-color wp-elements-2 wp-block-paragraph\">A visita iniciou com uma passagem pelo actual Server Room do CIUEM, onde o Magn\u00edfico Reitor teve a oportunidade de conhecer as limita\u00e7\u00f5es da infraestrutura actualmente em funcionamento e compreender o significativo salto tecnol\u00f3gico que a UEM alcan\u00e7ar\u00e1 com a entrada em opera\u00e7\u00e3o do novo Datacenter.<\/p>\n\n\n\n<p class=\"has-black-color has-text-color has-link-color wp-elements-3 wp-block-paragraph\">De seguida, o Reitor deslocou-se ao local das obras, onde inteirou-se do progresso dos trabalhos e manteve um di\u00e1logo com os t\u00e9cnicos da empresa respons\u00e1vel pela implementa\u00e7\u00e3o da infraestrutura, tendo recebido explica\u00e7\u00f5es sobre os diferentes componentes do projecto, o seu funcionamento e o cronograma de execu\u00e7\u00e3o.<\/p>\n\n\n\n<p class=\"has-black-color has-text-color has-link-color wp-elements-4 wp-block-paragraph\">Durante a visita, o Magn\u00edfico Reitor conheceu igualmente o edif\u00edcio que ir\u00e1 albergar o sistema de baterias, UPS (Uninterruptible Power Supply) e novo gerador j\u00e1 instalado, fundamental para garantir a continuidade dos servi\u00e7os cr\u00edticos, bem como a \u00e1rea destinada \u00e0 instala\u00e7\u00e3o dos pain\u00e9is solares que ir\u00e3o alimentar o Datacenter.<\/p>\n\n\n\n<p class=\"has-black-color has-text-color has-link-color wp-elements-5 wp-block-paragraph\"><a><\/a> Um dos aspectos inovadores desta infraestrutura \u00e9 o facto de vir a tornar-se um marco pioneiro em Mo\u00e7ambique, ao utilizar a energia solar como fonte prim\u00e1ria de alimenta\u00e7\u00e3o el\u00e9ctrica para alimentar um datacenter, refor\u00e7ando o compromisso da UEM com a sustentabilidade ambiental, a efici\u00eancia energ\u00e9tica e a adop\u00e7\u00e3o de tecnologias inovadoras para suportar a transforma\u00e7\u00e3o digital do pa\u00eds.<\/p>\n\n\n\n<p class=\"has-black-color has-text-color has-link-color wp-elements-6 wp-block-paragraph\">Com esta nova infraestrutura, a Universidade passar\u00e1 a dispor de melhores condi\u00e7\u00f5es para alojar sistemas cr\u00edticos, servi\u00e7os digitais, plataformas acad\u00e9micas e de investiga\u00e7\u00e3o, contribuindo para o aumento da disponibilidade, seguran\u00e7a e fiabilidade dos servi\u00e7os tecnol\u00f3gicos disponibilizados n\u00e3o apenas \u00e0 comunidade universit\u00e1ria, mas tamb\u00e9m a diversas institui\u00e7\u00f5es e parceiros que beneficiam das solu\u00e7\u00f5es tecnol\u00f3gicas providenciadas pela UEM.<\/p>\n\n\n\n<p class=\"has-black-color has-text-color has-link-color wp-elements-7 wp-block-paragraph\">O estabelecimento do Datacenter \u00e9 uma iniciativa promovida pelo Minist\u00e9rio das Comunica\u00e7\u00f5es e Transforma\u00e7\u00e3o Digital, com financiamento do Banco Mundial, e representa um investimento estrat\u00e9gico para o fortalecimento da infraestrutura digital nacional e para a consolida\u00e7\u00e3o da Universidade Eduardo Mondlane como uma refer\u00eancia na presta\u00e7\u00e3o de servi\u00e7os tecnol\u00f3gicos, investiga\u00e7\u00e3o e inova\u00e7\u00e3o em Mo\u00e7ambique.<\/p>\n\n\n\n<p class=\"wp-block-paragraph\"><\/p>\n","protected":false},"excerpt":{"rendered":"<p>O Magn\u00edfico Reitor da Universidade Eduardo Mondlane (UEM), Prof. Doutor Manuel Guilherme J\u00fanior, efectuou, na manh\u00e3 desta ter\u00e7a-feira (30), uma visita de trabalho ao Centro de Inform\u00e1tica da UEM (CIUEM) para acompanhar o n\u00edvel de execu\u00e7\u00e3o das obras de estabelecimento do novo Datacenter da Universidade. A infraestrutura estrat\u00e9gica ir\u00e1 refor\u00e7ar significativamente a capacidade tecnol\u00f3gica da [&hellip;]<\/p>\n","protected":false},"author":1,"featured_media":621,"comment_status":"open","ping_status":"open","sticky":false,"template":"","format":"standard","meta":{"footnotes":""},"categories":[5,4],"tags":[],"class_list":["post-625","post","type-post","status-publish","format-standard","has-post-thumbnail","hentry","category-noticiadestaque","category-noticias","entry","has-media"],"_links":{"self":[{"href":"https:\/\/ciuem.incubadora.uem.mz\/index.php?rest_route=\/wp\/v2\/posts\/625","targetHints":{"allow":["GET"]}}],"collection":[{"href":"https:\/\/ciuem.incubadora.uem.mz\/index.php?rest_route=\/wp\/v2\/posts"}],"about":[{"href":"https:\/\/ciuem.incubadora.uem.mz\/index.php?rest_route=\/wp\/v2\/types\/post"}],"author":[{"embeddable":true,"href":"https:\/\/ciuem.incubadora.uem.mz\/index.php?rest_route=\/wp\/v2\/users\/1"}],"replies":[{"embeddable":true,"href":"https:\/\/ciuem.incubadora.uem.mz\/index.php?rest_route=%2Fwp%2Fv2%2Fcomments&post=625"}],"version-history":[{"count":1,"href":"https:\/\/ciuem.incubadora.uem.mz\/index.php?rest_route=\/wp\/v2\/posts\/625\/revisions"}],"predecessor-version":[{"id":626,"href":"https:\/\/ciuem.incubadora.uem.mz\/index.php?rest_route=\/wp\/v2\/posts\/625\/revisions\/626"}],"wp:featuredmedia":[{"embeddable":true,"href":"https:\/\/ciuem.incubadora.uem.mz\/index.php?rest_route=\/wp\/v2\/media\/621"}],"wp:attachment":[{"href":"https:\/\/ciuem.incubadora.uem.mz\/index.php?rest_route=%2Fwp%2Fv2%2Fmedia&parent=625"}],"wp:term":[{"taxonomy":"category","embeddable":true,"href":"https:\/\/ciuem.incubadora.uem.mz\/index.php?rest_route=%2Fwp%2Fv2%2Fcategories&post=625"},{"taxonomy":"post_tag","embeddable":true,"href":"https:\/\/ciuem.incubadora.uem.mz\/index.php?rest_route=%2Fwp%2Fv2%2Ftags&post=625"}],"curies":[{"name":"wp","href":"https:\/\/api.w.org\/{rel}","templated":true}]}}